{"id":1127,"date":"2025-05-29T15:35:13","date_gmt":"2025-05-29T18:35:13","guid":{"rendered":"https:\/\/www.siet.com.uy\/?p=1127"},"modified":"2025-05-29T15:48:34","modified_gmt":"2025-05-29T18:48:34","slug":"siet-y-movilidad-urbana-realizaron-actividad-de-seguridad-vial-con-ninos-del-jardin-de-mirta","status":"publish","type":"post","link":"https:\/\/www.siet.com.uy\/index.php\/siet-y-movilidad-urbana-realizaron-actividad-de-seguridad-vial-con-ninos-del-jardin-de-mirta\/","title":{"rendered":"SIET y Movilidad Urbana realizaron actividad de seguridad vial con ni\u00f1os del Jard\u00edn de Mirta"},"content":{"rendered":"<p>En el marco del movimiento global Mayo Amarillo, SIET particip\u00f3 este 29 de mayo en una actividad educativa junto a ni\u00f1os y ni\u00f1as del Jard\u00edn de Mirta, en coordinaci\u00f3n con el equipo de Movilidad Urbana de la Intendencia de Paysand\u00fa.<\/p>\n<p>La propuesta tuvo como objetivo promover desde temprana edad valores y conductas responsables en el tr\u00e1nsito. A trav\u00e9s de juegos, charlas adaptadas y din\u00e1micas participativas, los m\u00e1s peque\u00f1os aprendieron sobre se\u00f1ales de tr\u00e1nsito, el uso del cintur\u00f3n de seguridad y c\u00f3mo moverse de forma segura por la ciudad, ya sea como peatones o acompa\u00f1antes.<\/p>\n<p>Desde SIET, reafirmamos nuestro compromiso con la educaci\u00f3n y la prevenci\u00f3n, convencidos de que la seguridad vial se construye entre todos, y que los cambios comienzan desde la infancia.<\/p>\n\n\t\t<style type=\"text\/css\">\n\t\t\t#gallery-1 {\n\t\t\t\tmargin: auto;\n\t\t\t}\n\t\t\t#gallery-1 .gallery-item {\n\t\t\t\tfloat: left;\n\t\t\t\tmargin-top: 10px;\n\t\t\t\ttext-align: center;\n\t\t\t\twidth: 25%;\n\t\t\t}\n\t\t\t#gallery-1 img {\n\t\t\t\tborder: 2px solid #cfcfcf;\n\t\t\t}\n\t\t\t#gallery-1 .gallery-caption {\n\t\t\t\tmargin-left: 0;\n\t\t\t}\n\t\t\t\/* see gallery_shortcode() in wp-includes\/media.php *\/\n\t\t<\/style>\n\t\t<div id='gallery-1' class='gallery galleryid-1127 gallery-columns-4 gallery-size-medium'><dl class='gallery-item'>\n\t\t\t<dt class='gallery-icon portrait'>\n\t\t\t\t<a href='https:\/\/www.siet.com.uy\/sitiowp\/wp-content\/uploads\/2025\/05\/jardin-mirta-001.jpg'><img loading=\"lazy\" decoding=\"async\" width=\"240\" height=\"300\" src=\"https:\/\/www.siet.com.uy\/sitiowp\/wp-content\/uploads\/2025\/05\/jardin-mirta-001-240x300.jpg\" class=\"attachment-medium size-medium\" alt=\"\" srcset=\"https:\/\/www.siet.com.uy\/sitiowp\/wp-content\/uploads\/2025\/05\/jardin-mirta-001-240x300.jpg 240w, https:\/\/www.siet.com.uy\/sitiowp\/wp-content\/uploads\/2025\/05\/jardin-mirta-001-819x1024.jpg 819w, https:\/\/www.siet.com.uy\/sitiowp\/wp-content\/uploads\/2025\/05\/jardin-mirta-001-768x960.jpg 768w, https:\/\/www.siet.com.uy\/sitiowp\/wp-content\/uploads\/2025\/05\/jardin-mirta-001.jpg 1080w\" sizes=\"auto, (max-width: 240px) 100vw, 240px\" \/><\/a>\n\t\t\t<\/dt><\/dl><dl class='gallery-item'>\n\t\t\t<dt class='gallery-icon portrait'>\n\t\t\t\t<a href='https:\/\/www.siet.com.uy\/sitiowp\/wp-content\/uploads\/2025\/05\/jardin-mirta-002.jpg'><img loading=\"lazy\" decoding=\"async\" width=\"240\" height=\"300\" src=\"https:\/\/www.siet.com.uy\/sitiowp\/wp-content\/uploads\/2025\/05\/jardin-mirta-002-240x300.jpg\" class=\"attachment-medium size-medium\" alt=\"\" srcset=\"https:\/\/www.siet.com.uy\/sitiowp\/wp-content\/uploads\/2025\/05\/jardin-mirta-002-240x300.jpg 240w, https:\/\/www.siet.com.uy\/sitiowp\/wp-content\/uploads\/2025\/05\/jardin-mirta-002-819x1024.jpg 819w, https:\/\/www.siet.com.uy\/sitiowp\/wp-content\/uploads\/2025\/05\/jardin-mirta-002-768x960.jpg 768w, https:\/\/www.siet.com.uy\/sitiowp\/wp-content\/uploads\/2025\/05\/jardin-mirta-002.jpg 1080w\" sizes=\"auto, (max-width: 240px) 100vw, 240px\" \/><\/a>\n\t\t\t<\/dt><\/dl><dl class='gallery-item'>\n\t\t\t<dt class='gallery-icon portrait'>\n\t\t\t\t<a href='https:\/\/www.siet.com.uy\/sitiowp\/wp-content\/uploads\/2025\/05\/jardin-mirta-003.jpg'><img loading=\"lazy\" decoding=\"async\" width=\"240\" height=\"300\" src=\"https:\/\/www.siet.com.uy\/sitiowp\/wp-content\/uploads\/2025\/05\/jardin-mirta-003-240x300.jpg\" class=\"attachment-medium size-medium\" alt=\"\" srcset=\"https:\/\/www.siet.com.uy\/sitiowp\/wp-content\/uploads\/2025\/05\/jardin-mirta-003-240x300.jpg 240w, https:\/\/www.siet.com.uy\/sitiowp\/wp-content\/uploads\/2025\/05\/jardin-mirta-003-819x1024.jpg 819w, https:\/\/www.siet.com.uy\/sitiowp\/wp-content\/uploads\/2025\/05\/jardin-mirta-003-768x960.jpg 768w, https:\/\/www.siet.com.uy\/sitiowp\/wp-content\/uploads\/2025\/05\/jardin-mirta-003.jpg 1080w\" sizes=\"auto, (max-width: 240px) 100vw, 240px\" \/><\/a>\n\t\t\t<\/dt><\/dl><dl class='gallery-item'>\n\t\t\t<dt class='gallery-icon portrait'>\n\t\t\t\t<a href='https:\/\/www.siet.com.uy\/sitiowp\/wp-content\/uploads\/2025\/05\/jardin-mirta-004.jpg'><img loading=\"lazy\" decoding=\"async\" width=\"240\" height=\"300\" src=\"https:\/\/www.siet.com.uy\/sitiowp\/wp-content\/uploads\/2025\/05\/jardin-mirta-004-240x300.jpg\" class=\"attachment-medium size-medium\" alt=\"\" srcset=\"https:\/\/www.siet.com.uy\/sitiowp\/wp-content\/uploads\/2025\/05\/jardin-mirta-004-240x300.jpg 240w, https:\/\/www.siet.com.uy\/sitiowp\/wp-content\/uploads\/2025\/05\/jardin-mirta-004-819x1024.jpg 819w, https:\/\/www.siet.com.uy\/sitiowp\/wp-content\/uploads\/2025\/05\/jardin-mirta-004-768x960.jpg 768w, https:\/\/www.siet.com.uy\/sitiowp\/wp-content\/uploads\/2025\/05\/jardin-mirta-004.jpg 1080w\" sizes=\"auto, (max-width: 240px) 100vw, 240px\" \/><\/a>\n\t\t\t<\/dt><\/dl><br style=\"clear: both\" \/>\n\t\t<\/div>\n\n","protected":false},"excerpt":{"rendered":"<p>En el marco del movimiento global Mayo Amarillo, SIET particip\u00f3 este 29 de mayo en una actividad educativa junto a ni\u00f1os y ni\u00f1as del Jard\u00edn de Mirta, en coordinaci\u00f3n con&#8230;<\/p>\n","protected":false},"author":3,"featured_media":1128,"comment_status":"closed","ping_status":"closed","sticky":false,"template":"","format":"standard","meta":{"_mbp_gutenberg_autopost":false,"footnotes":""},"categories":[11],"tags":[30,133,37,29,14,134,13,36,15],"class_list":{"0":"post-1127","1":"post","2":"type-post","3":"status-publish","4":"format-standard","5":"has-post-thumbnail","7":"category-novedades","8":"tag-mayoamarillo","9":"tag-educacion-vial","10":"tag-intendencia-de-paysandu","11":"tag-mayo-amarillo","12":"tag-paysandu","13":"tag-seguridad-vial","14":"tag-siet","15":"tag-transito","16":"tag-uruguay"},"_links":{"self":[{"href":"https:\/\/www.siet.com.uy\/index.php\/wp-json\/wp\/v2\/posts\/1127","targetHints":{"allow":["GET"]}}],"collection":[{"href":"https:\/\/www.siet.com.uy\/index.php\/wp-json\/wp\/v2\/posts"}],"about":[{"href":"https:\/\/www.siet.com.uy\/index.php\/wp-json\/wp\/v2\/types\/post"}],"author":[{"embeddable":true,"href":"https:\/\/www.siet.com.uy\/index.php\/wp-json\/wp\/v2\/users\/3"}],"replies":[{"embeddable":true,"href":"https:\/\/www.siet.com.uy\/index.php\/wp-json\/wp\/v2\/comments?post=1127"}],"version-history":[{"count":4,"href":"https:\/\/www.siet.com.uy\/index.php\/wp-json\/wp\/v2\/posts\/1127\/revisions"}],"predecessor-version":[{"id":1138,"href":"https:\/\/www.siet.com.uy\/index.php\/wp-json\/wp\/v2\/posts\/1127\/revisions\/1138"}],"wp:featuredmedia":[{"embeddable":true,"href":"https:\/\/www.siet.com.uy\/index.php\/wp-json\/wp\/v2\/media\/1128"}],"wp:attachment":[{"href":"https:\/\/www.siet.com.uy\/index.php\/wp-json\/wp\/v2\/media?parent=1127"}],"wp:term":[{"taxonomy":"category","embeddable":true,"href":"https:\/\/www.siet.com.uy\/index.php\/wp-json\/wp\/v2\/categories?post=1127"},{"taxonomy":"post_tag","embeddable":true,"href":"https:\/\/www.siet.com.uy\/index.php\/wp-json\/wp\/v2\/tags?post=1127"}],"curies":[{"name":"wp","href":"https:\/\/api.w.org\/{rel}","templated":true}]}}