{"id":1206,"date":"2025-08-05T09:03:17","date_gmt":"2025-08-05T12:03:17","guid":{"rendered":"https:\/\/www.siet.com.uy\/?p=1206"},"modified":"2025-08-05T09:03:17","modified_gmt":"2025-08-05T12:03:17","slug":"semana-mundial-de-la-lactancia-materna-2025","status":"publish","type":"post","link":"https:\/\/www.siet.com.uy\/index.php\/semana-mundial-de-la-lactancia-materna-2025\/","title":{"rendered":"Semana Mundial de la Lactancia Materna 2025"},"content":{"rendered":"<p>Durante la primera semana de agosto se celebra la Semana Mundial de la Lactancia Materna, que en 2025 tiene como lema \u201cPriorizar la lactancia materna: crear sistemas de apoyo sostenibles\u201d. En nuestro pa\u00eds, el Ministerio de Desarrollo Social, a trav\u00e9s del \u00c1rea Uruguay Crece Contigo y el Instituto Nacional de Alimentaci\u00f3n, lleva adelante diversas acciones universales y focalizadas para apoyar la lactancia materna en todas las familias uruguayas.<\/p>\n<p>En un contexto nacional en el que la tasa de lactancia materna exclusiva ha mostrado una disminuci\u00f3n, resulta fundamental fortalecer los entornos que faciliten y acompa\u00f1en esta pr\u00e1ctica. Para ello, es imprescindible contar con una red comunitaria que responda a las necesidades espec\u00edficas de cada familia, as\u00ed como robustecer las pol\u00edticas p\u00fablicas que protejan, promuevan y apoyen la lactancia materna. Esto incluye garantizar el acceso a informaci\u00f3n basada en evidencia cient\u00edfica, promover una nutrici\u00f3n adecuada para la madre, brindar apoyo en las tareas de cuidado y asegurar el acompa\u00f1amiento desde los servicios de salud, educaci\u00f3n y el \u00e1mbito laboral, entre otros.<\/p>\n<h3>Puntos clave sobre la lactancia materna:<\/h3>\n<ol>\n<li><strong>La lactancia materna es salud.\u00a0<\/strong>Beneficia tanto a beb\u00e9s como a mujeres,\u00a0hoy y en el futuro. Apoyarla es una responsabilidad compartida.<\/li>\n<li><strong>Elegir c\u00f3mo alimentar es un derecho.<\/strong>\u00a0La lactancia puede ser una experiencia enriquecedora para la mujer y su entorno, por lo que acompa\u00f1ar y respetar su decisi\u00f3n es esencial.<\/li>\n<li><strong>La lactancia materna tambi\u00e9n cuida el planeta.<\/strong>\u00a0No genera residuos de envases pl\u00e1sticos ni latas, y reduce el consumo de agua, gas y energ\u00eda en los hogares.<\/li>\n<li><strong>La lactancia materna fortalece comunidades.<\/strong>\u00a0Mejora la salud infantil, disminuye la incidencia de enfermedades y favorece el desarrollo y la educaci\u00f3n.<\/li>\n<li><strong>Entornos que cuidan y acompa\u00f1an.<\/strong>\u00a0Comunidades, familias y centros de cuidado infantil juegan un rol clave para proteger y facilitar la lactancia.<\/li>\n<li><strong>Protecci\u00f3n legal para la lactancia.<\/strong>\u00a0En Uruguay, la normativa vigente garantiza licencias laborales, la existencia de salas de lactancia y el acceso a consejer\u00eda basada en evidencia para proteger la lactancia materna en el trabajo y en espacios p\u00fablicos.<\/li>\n<\/ol>\n<h3>Marco legal que protege la lactancia en Uruguay<\/h3>\n<p>La Ley N\u00b0 19.530 (2017) establece la obligatoriedad de contar con salas de lactancia en lugares de trabajo o estudio donde haya 20 o m\u00e1s mujeres o 50 o m\u00e1s empleados. El Decreto N\u00b0 234\/018 reglamenta esta ley, detallando requisitos como privacidad, higiene y accesibilidad. Adem\u00e1s, la Ley N\u00b0 19.121 (2013) y la Ley N\u00b0 19.535 (2017) contemplan la reducci\u00f3n de la jornada laboral hasta por 9 meses para madres lactantes, previa certificaci\u00f3n m\u00e9dica.<\/p>\n<p>La leche materna es el \u00fanico alimento que el beb\u00e9 necesita durante los primeros seis meses de vida, y contin\u00faa siendo fundamental incluso despu\u00e9s del primer a\u00f1o.<\/p>\n<p><strong>Fuente: <a href=\"https:\/\/www.gub.uy\/ministerio-desarrollo-social\/comunicacion\/noticias\/semana-mundial-lactancia-materna-2025\" target=\"_blank\" rel=\"noopener\">Ministerio de Desarrollo Social Uruguay<\/a><\/strong><\/p>\n","protected":false},"excerpt":{"rendered":"<p>Durante la primera semana de agosto se celebra la Semana Mundial de la Lactancia Materna, que en 2025 tiene como lema \u201cPriorizar la lactancia materna: crear sistemas de apoyo sostenibles\u201d&#8230;.<\/p>\n","protected":false},"author":3,"featured_media":1207,"comment_status":"closed","ping_status":"closed","sticky":false,"template":"","format":"standard","meta":{"_mbp_gutenberg_autopost":false,"footnotes":""},"categories":[11],"tags":[149,56,63,14,148,13,15],"class_list":{"0":"post-1206","1":"post","2":"type-post","3":"status-publish","4":"format-standard","5":"has-post-thumbnail","7":"category-novedades","8":"tag-alimentacion-y-nutricion","9":"tag-lactancia","10":"tag-lactancia-materna","11":"tag-paysandu","12":"tag-semana-de-la-lactancia-materna","13":"tag-siet","14":"tag-uruguay"},"_links":{"self":[{"href":"https:\/\/www.siet.com.uy\/index.php\/wp-json\/wp\/v2\/posts\/1206","targetHints":{"allow":["GET"]}}],"collection":[{"href":"https:\/\/www.siet.com.uy\/index.php\/wp-json\/wp\/v2\/posts"}],"about":[{"href":"https:\/\/www.siet.com.uy\/index.php\/wp-json\/wp\/v2\/types\/post"}],"author":[{"embeddable":true,"href":"https:\/\/www.siet.com.uy\/index.php\/wp-json\/wp\/v2\/users\/3"}],"replies":[{"embeddable":true,"href":"https:\/\/www.siet.com.uy\/index.php\/wp-json\/wp\/v2\/comments?post=1206"}],"version-history":[{"count":1,"href":"https:\/\/www.siet.com.uy\/index.php\/wp-json\/wp\/v2\/posts\/1206\/revisions"}],"predecessor-version":[{"id":1208,"href":"https:\/\/www.siet.com.uy\/index.php\/wp-json\/wp\/v2\/posts\/1206\/revisions\/1208"}],"wp:featuredmedia":[{"embeddable":true,"href":"https:\/\/www.siet.com.uy\/index.php\/wp-json\/wp\/v2\/media\/1207"}],"wp:attachment":[{"href":"https:\/\/www.siet.com.uy\/index.php\/wp-json\/wp\/v2\/media?parent=1206"}],"wp:term":[{"taxonomy":"category","embeddable":true,"href":"https:\/\/www.siet.com.uy\/index.php\/wp-json\/wp\/v2\/categories?post=1206"},{"taxonomy":"post_tag","embeddable":true,"href":"https:\/\/www.siet.com.uy\/index.php\/wp-json\/wp\/v2\/tags?post=1206"}],"curies":[{"name":"wp","href":"https:\/\/api.w.org\/{rel}","templated":true}]}}