{"id":9087,"date":"2026-04-27T12:02:20","date_gmt":"2026-04-27T15:02:20","guid":{"rendered":"https:\/\/www.siet.com.uy\/?p=9087"},"modified":"2026-04-27T12:02:20","modified_gmt":"2026-04-27T15:02:20","slug":"siet-se-suma-a-mayo-amarillo-2026-en-el-transito-ver-al-otro-es-salvar-vidas","status":"publish","type":"post","link":"https:\/\/www.siet.com.uy\/index.php\/siet-se-suma-a-mayo-amarillo-2026-en-el-transito-ver-al-otro-es-salvar-vidas\/","title":{"rendered":"SIET se suma a Mayo Amarillo 2026: \u201cEn el tr\u00e1nsito, \u00a1ver al otro es salvar vidas!\u201d"},"content":{"rendered":"<p>Durante el mes de mayo, SIET se suma a una nueva edici\u00f3n de la campa\u00f1a internacional <strong>Mayo Amarillo 2026<\/strong>, una iniciativa que busca generar conciencia sobre la importancia de la seguridad vial y la prevenci\u00f3n de siniestros de tr\u00e1nsito.<\/p>\n<p>En su 13.\u00aa edici\u00f3n a nivel global, Mayo Amarillo 2026 llega con el lema: <strong>\u201cEn el tr\u00e1nsito, \u00a1ver al otro es salvar vidas!\u201d<\/strong>. La campa\u00f1a de este a\u00f1o nace de un desaf\u00edo concreto: hacer visible lo que muchos conductores no ven en el d\u00eda a d\u00eda. Los usuarios m\u00e1s vulnerables del tr\u00e1nsito \u2014motociclistas, ciclistas y peatones\u2014 representan una proporci\u00f3n creciente de las v\u00edctimas de siniestros viales, y sin embargo siguen siendo los menos visibles en la v\u00eda p\u00fablica.<\/p>\n<p>Este lema nos invita a un gesto simple pero transformador: <strong>ver al otro<\/strong>. Ver al motociclista que circula a nuestro lado, al peat\u00f3n que cruza, al ciclista que comparte la calzada. Porque cuando reconocemos al otro como persona, con su vida y su historia, nuestro comportamiento en el tr\u00e1nsito cambia. Ver al otro es un acto de empat\u00eda, de atenci\u00f3n y de responsabilidad compartida.<\/p>\n<h3>Uruguay se suma al movimiento<\/h3>\n<p>Durante todo el mes de mayo, Uruguay se une a esta causa global de concientizaci\u00f3n sobre la seguridad vial, promoviendo el compromiso y la participaci\u00f3n ciudadana en la prevenci\u00f3n de siniestros de tr\u00e1nsito.<\/p>\n<p>A trav\u00e9s de diversas actividades educativas, charlas, talleres, capacitaciones, exposiciones y eventos, la campa\u00f1a busca sensibilizar a la poblaci\u00f3n sobre la importancia de adoptar comportamientos responsables y proteger a los usuarios m\u00e1s vulnerables de la v\u00eda p\u00fablica.<\/p>\n<p>La campa\u00f1a convoca a personas, empresas e instituciones p\u00fablicas y privadas a sumarse a esta iniciativa y realizar acciones que contribuyan a la promoci\u00f3n de la seguridad vial. Adem\u00e1s, invita a lucir el lazo amarillo como s\u00edmbolo de compromiso y compartir experiencias y aprendizajes en redes sociales con el hashtag <strong>#MayoAmarillo<\/strong> sumando tu pa\u00eds.<\/p>\n<h3>Un movimiento que naci\u00f3 en Brasil y crece en el mundo<\/h3>\n<p>El movimiento Mayo Amarillo comenz\u00f3 en Brasil con el objetivo de hacer un llamado de atenci\u00f3n a la sociedad sobre la siniestralidad vial que a\u00f1o a a\u00f1o deja un alto n\u00famero de fallecidos y lesionados. A Uruguay lleg\u00f3 impulsado desde el \u00e1rea de la salud.<\/p>\n<p>Actualmente, la campa\u00f1a tiene presencia en numerosos pa\u00edses de Am\u00e9rica y Europa, entre ellos Argentina, Bolivia, Chile, Colombia, Costa Rica, Cuba, Ecuador, El Salvador, Espa\u00f1a, Guatemala, Honduras, M\u00e9xico, Nicaragua, Panam\u00e1, Paraguay, Per\u00fa, Puerto Rico, Rep\u00fablica Dominicana, Uruguay y Venezuela.<\/p>\n<h3>\u00bfPor qu\u00e9 el mes de mayo?<\/h3>\n<p>El 11 de mayo de 2011, la ONU lanz\u00f3 la <strong>D\u00e9cada de Acci\u00f3n para la Seguridad Vial<\/strong>, impulsando el compromiso de distintos pa\u00edses para reducir la siniestralidad vial mediante equipos multidisciplinarios desde la salud, la educaci\u00f3n y el transporte.<\/p>\n<p>A\u00f1o a a\u00f1o, Mayo Amarillo suma nuevas adhesiones en todo el mundo. Se integran organismos de gobierno, intendencias, municipalidades, academias de choferes, centros educativos, hospitales, policl\u00ednicas, empresas de transporte, estaciones de servicio, talleres mec\u00e1nicos, clubes deportivos, bibliotecas, cooperativas, centros culturales, medios de comunicaci\u00f3n y comercios de todo el pa\u00eds.<\/p>\n<h3>Pensemos en vidas<\/h3>\n<p>Seg\u00fan los datos de siniestros de tr\u00e1nsito, cada a\u00f1o millones de personas resultan lesionadas y cientos pierden la vida en siniestros viales. Detr\u00e1s de cada cifra hay una persona, una familia y una historia.<\/p>\n<p><strong>No pensemos en n\u00fameros, pensemos en vidas.<\/strong><\/p>\n<p>En 2026, el objetivo es profundizar la mirada sobre los usuarios vulnerables del tr\u00e1nsito. El lema \u201cver al otro\u201d nos desaf\u00eda a construir empat\u00eda desde cada rol en la v\u00eda p\u00fablica. Como conductores, peatones, ciclistas o motociclistas, todos somos parte del tr\u00e1nsito.<\/p>\n<p>Participar en Mayo Amarillo 2026 es una oportunidad para trabajar juntos por un tr\u00e1nsito m\u00e1s seguro.<\/p>\n<p><strong>Ver al otro es salvar vidas, y es un compromiso de todos.<\/strong> En el tr\u00e1nsito convivimos personas con distintas formas de desplazarse. Ver al otro significa reconocer su presencia, respetar su espacio y entender que cada decisi\u00f3n que tomamos al volante, en la moto, en la bicicleta o a pie tiene un impacto directo en la vida de los dem\u00e1s.<\/p>\n<p>Hagamos del respeto y la atenci\u00f3n una prioridad colectiva para construir ciudades m\u00e1s seguras e inclusivas.<\/p>\n<p><strong>#MayoAmarillo #VerAlOtro #SalvarVidas #SeguridadVial<\/strong><\/p>\n<p><strong>Fuente: <a href=\"https:\/\/mayoamarillo.com\/\" target=\"_blank\" rel=\"noopener\">Mayo Amarillo<\/a><\/strong><\/p>\n","protected":false},"excerpt":{"rendered":"<p>Durante el mes de mayo, SIET se suma a una nueva edici\u00f3n de la campa\u00f1a internacional Mayo Amarillo 2026, una iniciativa que busca generar conciencia sobre la importancia de la&#8230;<\/p>\n","protected":false},"author":3,"featured_media":9088,"comment_status":"closed","ping_status":"closed","sticky":false,"template":"","format":"standard","meta":{"_mbp_gutenberg_autopost":false,"footnotes":""},"categories":[11],"tags":[198,92,29,199,14,134,36,15,200],"class_list":{"0":"post-9087","1":"post","2":"type-post","3":"status-publish","4":"format-standard","5":"has-post-thumbnail","7":"category-novedades","8":"tag-198","9":"tag-concientizacion","10":"tag-mayo-amarillo","11":"tag-mayo-amarillo-2026","12":"tag-paysandu","13":"tag-seguridad-vial","14":"tag-transito","15":"tag-uruguay","16":"tag-ver-al-otro-es-salvar-vidas"},"_links":{"self":[{"href":"https:\/\/www.siet.com.uy\/index.php\/wp-json\/wp\/v2\/posts\/9087","targetHints":{"allow":["GET"]}}],"collection":[{"href":"https:\/\/www.siet.com.uy\/index.php\/wp-json\/wp\/v2\/posts"}],"about":[{"href":"https:\/\/www.siet.com.uy\/index.php\/wp-json\/wp\/v2\/types\/post"}],"author":[{"embeddable":true,"href":"https:\/\/www.siet.com.uy\/index.php\/wp-json\/wp\/v2\/users\/3"}],"replies":[{"embeddable":true,"href":"https:\/\/www.siet.com.uy\/index.php\/wp-json\/wp\/v2\/comments?post=9087"}],"version-history":[{"count":1,"href":"https:\/\/www.siet.com.uy\/index.php\/wp-json\/wp\/v2\/posts\/9087\/revisions"}],"predecessor-version":[{"id":9091,"href":"https:\/\/www.siet.com.uy\/index.php\/wp-json\/wp\/v2\/posts\/9087\/revisions\/9091"}],"wp:featuredmedia":[{"embeddable":true,"href":"https:\/\/www.siet.com.uy\/index.php\/wp-json\/wp\/v2\/media\/9088"}],"wp:attachment":[{"href":"https:\/\/www.siet.com.uy\/index.php\/wp-json\/wp\/v2\/media?parent=9087"}],"wp:term":[{"taxonomy":"category","embeddable":true,"href":"https:\/\/www.siet.com.uy\/index.php\/wp-json\/wp\/v2\/categories?post=9087"},{"taxonomy":"post_tag","embeddable":true,"href":"https:\/\/www.siet.com.uy\/index.php\/wp-json\/wp\/v2\/tags?post=9087"}],"curies":[{"name":"wp","href":"https:\/\/api.w.org\/{rel}","templated":true}]}}